{"id":16452,"date":"2018-09-17T13:44:11","date_gmt":"2018-09-17T13:44:11","guid":{"rendered":"http:\/\/pusuladernegi.org\/?p=16452"},"modified":"2018-12-06T13:24:15","modified_gmt":"2018-12-06T13:24:15","slug":"pusula-cocuk-haftasonu-kayitlar-basladi","status":"publish","type":"post","link":"https:\/\/pusuladernegi.org\/?p=16452","title":{"rendered":"Pusula \u00c7ocuk Haftasonu Kay\u0131tlar Ba\u015flad\u0131"},"content":{"rendered":"<table>\n<tbody>\n<tr>\n<td width=\"604\"><a href=\"https:\/\/pusuladernegi.org\/wp-content\/uploads\/pusula-\u00e7ocuk-2018-2019-kay\u0131tlar-ba\u015flam\u0131\u015ft\u0131r-web.jpg\"><img loading=\"lazy\" decoding=\"async\" class=\"size-thumbnail wp-image-16462 alignleft\" src=\"https:\/\/pusuladernegi.org\/wp-content\/uploads\/pusula-\u00e7ocuk-2018-2019-kay\u0131tlar-ba\u015flam\u0131\u015ft\u0131r-web-150x150.jpg\" alt=\"\" width=\"150\" height=\"150\" \/><\/a>Pusula E\u011fitim K\u00fclt\u00fcr Sanat ve Yard\u0131mla\u015fma Derne\u011fi 2018-2019 E\u011fitim D\u00f6nemi kay\u0131tlar\u0131 ba\u015flad\u0131.<\/p>\n<p><strong>Pusula \u00c7ocuk Kul\u00fcb\u00fc haftasonu<\/strong> etkinliklerinde; Kuran-\u0131 Kerim ve \u0130lmihal, Ahlak, Siyer konular\u0131 i\u00e7selle\u015ftirilerek sevdirilerek bir \u015fekilde veriliyor. \u00d6\u011fleden sonra geziler, ebru, el becerileri, mutfak, yar\u0131\u015fmalar vb gibi dersler verilmektedir.<\/p>\n<p>Haftasonu dersler 29 Eyl\u00fcl Cumartesi g\u00fcn\u00fc ba\u015flayacak olup, 25 May\u0131s 2018 Cumartesi g\u00fcn\u00fc sona erecektir.<\/p>\n<p><strong>Haftai\u00e7i <\/strong>okul ders takviyeleri, de\u011fer aktar\u0131m\u0131 ve el becerileri dersleri yer alacakt\u0131r. Haftai\u00e7i ders takviyeleri ise 1 Ekim Pazartesi g\u00fcn\u00fc ba\u015flayacakt\u0131r.<\/p>\n<p><strong>Gen\u00e7lerimizle <\/strong>haftal\u0131k sohbetler, geziler, sportif ve k\u00fclt\u00fcrel faaliyetlerle desteklenerek bu sene de devam edecektir.<\/p>\n<p><strong>Ayr\u0131ca yeti\u015fkinlere<\/strong> d\u00f6n\u00fck Kur\u2019an-\u0131 Kerim, \u00e7e\u015fitli okumalar, seminerler bu y\u0131l da devam edecektir.<\/p>\n<p>Rabbimizden niyaz\u0131m\u0131z hay\u0131rl\u0131 yeni bir d\u00f6neme ad\u0131m att\u0131\u011f\u0131m\u0131z bu g\u00fcnlerde bizlerden yard\u0131m\u0131n\u0131 esirgememesidir.<\/p>\n<p>2018-2019 E\u011fitim ve \u00d6\u011fretim Senesinin Hay\u0131rlara Vesile Olmas\u0131 Duas\u0131yla<\/td>\n<\/tr>\n<\/tbody>\n<\/table>\n","protected":false},"excerpt":{"rendered":"<p>Pusula E\u011fitim K\u00fclt\u00fcr Sanat ve Yard\u0131mla\u015fma Derne\u011fi 2018-2019 E\u011fitim D\u00f6nemi kay\u0131tlar\u0131 ba\u015flad\u0131. Pusula \u00c7ocuk Kul\u00fcb\u00fc haftasonu etkinliklerinde; Kuran-\u0131 Kerim ve<\/p>\n","protected":false},"author":1,"featured_media":16462,"comment_status":"open","ping_status":"open","sticky":false,"template":"","format":"standard","meta":{"colormag_page_container_layout":"default_layout","colormag_page_sidebar_layout":"default_layout","footnotes":""},"categories":[1],"tags":[218,185,506,7],"class_list":["post-16452","post","type-post","status-publish","format-standard","has-post-thumbnail","hentry","category-genel","tag-bayrampasa-pusula","tag-bayrampasa-pusula-dernegi","tag-pusula","tag-pusula-cocuk-kulubu"],"_links":{"self":[{"href":"https:\/\/pusuladernegi.org\/index.php?rest_route=\/wp\/v2\/posts\/16452"}],"collection":[{"href":"https:\/\/pusuladernegi.org\/index.php?rest_route=\/wp\/v2\/posts"}],"about":[{"href":"https:\/\/pusuladernegi.org\/index.php?rest_route=\/wp\/v2\/types\/post"}],"author":[{"embeddable":true,"href":"https:\/\/pusuladernegi.org\/index.php?rest_route=\/wp\/v2\/users\/1"}],"replies":[{"embeddable":true,"href":"https:\/\/pusuladernegi.org\/index.php?rest_route=%2Fwp%2Fv2%2Fcomments&post=16452"}],"version-history":[{"count":2,"href":"https:\/\/pusuladernegi.org\/index.php?rest_route=\/wp\/v2\/posts\/16452\/revisions"}],"predecessor-version":[{"id":16463,"href":"https:\/\/pusuladernegi.org\/index.php?rest_route=\/wp\/v2\/posts\/16452\/revisions\/16463"}],"wp:featuredmedia":[{"embeddable":true,"href":"https:\/\/pusuladernegi.org\/index.php?rest_route=\/wp\/v2\/media\/16462"}],"wp:attachment":[{"href":"https:\/\/pusuladernegi.org\/index.php?rest_route=%2Fwp%2Fv2%2Fmedia&parent=16452"}],"wp:term":[{"taxonomy":"category","embeddable":true,"href":"https:\/\/pusuladernegi.org\/index.php?rest_route=%2Fwp%2Fv2%2Fcategories&post=16452"},{"taxonomy":"post_tag","embeddable":true,"href":"https:\/\/pusuladernegi.org\/index.php?rest_route=%2Fwp%2Fv2%2Ftags&post=16452"}],"curies":[{"name":"wp","href":"https:\/\/api.w.org\/{rel}","templated":true}]}}