{"id":7208,"date":"2013-11-19T13:39:04","date_gmt":"2013-11-19T13:39:04","guid":{"rendered":"http:\/\/pusuladernegi.org\/?p=7208"},"modified":"2024-11-11T16:13:11","modified_gmt":"2024-11-11T16:13:11","slug":"genc-pusula-hz-huseyini-konusuyor","status":"publish","type":"post","link":"https:\/\/pusuladernegi.org\/?p=7208","title":{"rendered":"GEN\u00c7 PUSULA Hz. H\u00dcSEY\u0130N&#8217;\u0130 KONU\u015eUYOR"},"content":{"rendered":"\n<p>Ge\u00e7ti\u011fimiz hafta k\u0131ymet verilen aylardan biri olan &#8216;Muharrem Ay\u0131&#8217; n\u0131 anlatan seminerin ard\u0131ndan Gen\u00e7 Pusula \u00f6\u011frencileri cumartesi g\u00fcn\u00fc; &#8216;Ramazandan sonra en faziletli oru\u00e7, Allah&#8217;u Teala&#8217;n\u0131n ay\u0131 Muharrem ay\u0131nda tutulan oru\u00e7tur&#8217; hadisine uyup Peygamber Efendimizin s\u00fcnnetini yerine getirmek ve bu aya h\u00fcrmet i\u00e7in oru\u00e7 tutup, arkada\u015flar\u0131 ve hocalar\u0131yla birlikte derne\u011fimizde iftar yapt\u0131lar. Birlik ve beraberlik i\u00e7inde yap\u0131lan iftarda \u00f6\u011frencilerimiz art\u0131k Muharrem ay\u0131n\u0131n ve A\u015fure g\u00fcn\u00fcn\u00fcn fark\u0131nda olup, &#8216;sadece Muharrem ay\u0131 denilince akl\u0131m\u0131za&nbsp; tatl\u0131 gelmeyecek bunun idrakine vard\u0131k&#8217; diyerek d\u00fc\u015f\u00fcncelerini belirttiler.<\/p>\n\n\n\n<p>\u0130ftar\u0131n ard\u0131ndan \u00f6\u011frencilerimiz cemaatle ak\u015fam namazlar\u0131n\u0131 eda ettikten sonra Sosyal Hizmet ve Aile Uzman\u0131 Esin T\u00fcccar Hocam\u0131z taraf\u0131ndan \u00d6nc\u00fc Ve \u00d6nder \u015eahsiyet dersinde Hz. H\u00fcseyin Efendimizin hayat\u0131n\u0131 anlatarak, &nbsp;zulme kar\u015f\u0131 sessiz olunmamas\u0131, bizler inanc\u0131m\u0131z\u0131 sa\u011flam tuttu\u011fumuz s\u00fcrece Allah&#8217;\u0131n yard\u0131m\u0131 bizlere gelece\u011fi, hakk\u0131 ayakta tutmak i\u00e7in hi\u00e7 bir hesap pe\u015finde ko\u015fmadan kendisini Hakk&#8217;a adayan ger\u00e7ek ve \u00f6rnek m\u00fcsl\u00fcman tipini simgelememiz gerekti\u011fi, her d\u00f6nemin zalimleri oldu\u011fu kadar alimlerinde oldu\u011funu, hak ve bat\u0131l\u0131n s\u00fcrekli m\u00fccadele halinde oldu\u011funu ve hakk\u0131n elbette ki galip gelece\u011fini bu y\u00fczden, kafalar\u0131m\u0131z\u0131 bulundu\u011fumuz her t\u00fcrl\u00fc tuzaklardan kald\u0131rarak etraf\u0131m\u0131za bakmay\u0131, tan\u0131may\u0131, ara\u015ft\u0131rmay\u0131 b\u0131rakmamam\u0131z\u0131 tavsiye ve nasihatte bulunarak konu\u015fmas\u0131n\u0131 sonland\u0131rd\u0131.<\/p>\n\n\n\n<p>Gen\u00e7lerimizin <strong>&#8216;D\u00fcnyan\u0131n rengi de\u011fi\u015fti; t\u00fcm\u00fcyle faziletten yoksun hale geldi. Yaln\u0131zca her iyili\u011fin tortusu kald\u0131. Dikkat! G\u00f6rm\u00fcyor musunuz? Hak ve do\u011fru, yerin alt\u0131na g\u00f6nderildi. Bilerek bat\u0131l i\u015fler pe\u015findeler. K\u00f6t\u00fc gidi\u015fi \u00f6nleyecek kimse kalmad\u0131.&#8217;<\/strong> diyen Hz.H\u00fcseyin Efendimizin yolundan gitmeleri ve O&#8217;nun gibi Hakk\u0131 ayakta tutacak bir nesl\u0131n yeti\u015fmesini Rabbimize dua ederek istiyoruz.<\/p>\n\n\n\n<p>Selam Olsun Efendimiz (s.a.v)&#8217;e ve Ehli Beytine&#8230;<\/p>\n\n\n\n<figure class=\"wp-block-gallery has-nested-images columns-default is-cropped wp-block-gallery-1 is-layout-flex wp-block-gallery-is-layout-flex\">\n<figure class=\"wp-block-image size-full\"><a href=\"https:\/\/pusuladernegi.org\/wp-content\/uploads\/muharrem_iftar_2013_11_16-1.jpg\"><img loading=\"lazy\" decoding=\"async\" width=\"600\" height=\"800\" data-id=\"7257\" src=\"https:\/\/pusuladernegi.org\/wp-content\/uploads\/muharrem_iftar_2013_11_16-1.jpg\" alt=\"\" class=\"wp-image-7257\" srcset=\"https:\/\/pusuladernegi.org\/wp-content\/uploads\/muharrem_iftar_2013_11_16-1.jpg 600w, https:\/\/pusuladernegi.org\/wp-content\/uploads\/muharrem_iftar_2013_11_16-1-225x300.jpg 225w\" sizes=\"(max-width: 600px) 100vw, 600px\" \/><\/a><figcaption class=\"wp-element-caption\">muharrem ay\u0131 gen\u00e7 pusula birlikte iftar a\u00e7arken 16 kas\u0131m 2013<\/figcaption><\/figure>\n\n\n\n<figure class=\"wp-block-image size-full\"><a href=\"https:\/\/pusuladernegi.org\/wp-content\/uploads\/muharrem_iftar_2013_11_16.jpg\"><img loading=\"lazy\" decoding=\"async\" width=\"600\" height=\"800\" data-id=\"7256\" src=\"https:\/\/pusuladernegi.org\/wp-content\/uploads\/muharrem_iftar_2013_11_16.jpg\" alt=\"\" class=\"wp-image-7256\" srcset=\"https:\/\/pusuladernegi.org\/wp-content\/uploads\/muharrem_iftar_2013_11_16.jpg 600w, https:\/\/pusuladernegi.org\/wp-content\/uploads\/muharrem_iftar_2013_11_16-225x300.jpg 225w\" sizes=\"(max-width: 600px) 100vw, 600px\" \/><\/a><figcaption class=\"wp-element-caption\">muharrem ay\u0131 gen\u00e7 pusula birlikte iftar a\u00e7arken 16 kas\u0131m 2013<\/figcaption><\/figure>\n\n\n\n<figure class=\"wp-block-image size-full\"><a href=\"https:\/\/pusuladernegi.org\/wp-content\/uploads\/muharrem_iftar_2013_11_16-2.jpg\"><img loading=\"lazy\" decoding=\"async\" width=\"800\" height=\"600\" data-id=\"7255\" src=\"https:\/\/pusuladernegi.org\/wp-content\/uploads\/muharrem_iftar_2013_11_16-2.jpg\" alt=\"\" class=\"wp-image-7255\" srcset=\"https:\/\/pusuladernegi.org\/wp-content\/uploads\/muharrem_iftar_2013_11_16-2.jpg 800w, https:\/\/pusuladernegi.org\/wp-content\/uploads\/muharrem_iftar_2013_11_16-2-300x225.jpg 300w\" sizes=\"(max-width: 800px) 100vw, 800px\" \/><\/a><figcaption class=\"wp-element-caption\">muharrem ay\u0131 gen\u00e7 pusula birlikte iftar a\u00e7arken 16 kas\u0131m 2013<\/figcaption><\/figure>\n<\/figure>\n","protected":false},"excerpt":{"rendered":"<p>Ge\u00e7ti\u011fimiz hafta k\u0131ymet verilen aylardan biri olan &#8216;Muharrem Ay\u0131&#8217; n\u0131 anlatan seminerin ard\u0131ndan Gen\u00e7 Pusula \u00f6\u011frencileri cumartesi g\u00fcn\u00fc; &#8216;Ramazandan sonra<\/p>\n","protected":false},"author":1,"featured_media":7214,"comment_status":"open","ping_status":"open","sticky":false,"template":"","format":"standard","meta":{"colormag_page_container_layout":"no_sidebar_full_width","colormag_page_sidebar_layout":"no_sidebar","footnotes":""},"categories":[1],"tags":[126,135,6],"class_list":["post-7208","post","type-post","status-publish","format-standard","has-post-thumbnail","hentry","category-genel","tag-genc-pusula","tag-hz-huseyin-ve-kerbela","tag-pusula-dernegi"],"_links":{"self":[{"href":"https:\/\/pusuladernegi.org\/index.php?rest_route=\/wp\/v2\/posts\/7208"}],"collection":[{"href":"https:\/\/pusuladernegi.org\/index.php?rest_route=\/wp\/v2\/posts"}],"about":[{"href":"https:\/\/pusuladernegi.org\/index.php?rest_route=\/wp\/v2\/types\/post"}],"author":[{"embeddable":true,"href":"https:\/\/pusuladernegi.org\/index.php?rest_route=\/wp\/v2\/users\/1"}],"replies":[{"embeddable":true,"href":"https:\/\/pusuladernegi.org\/index.php?rest_route=%2Fwp%2Fv2%2Fcomments&post=7208"}],"version-history":[{"count":9,"href":"https:\/\/pusuladernegi.org\/index.php?rest_route=\/wp\/v2\/posts\/7208\/revisions"}],"predecessor-version":[{"id":39695,"href":"https:\/\/pusuladernegi.org\/index.php?rest_route=\/wp\/v2\/posts\/7208\/revisions\/39695"}],"wp:featuredmedia":[{"embeddable":true,"href":"https:\/\/pusuladernegi.org\/index.php?rest_route=\/wp\/v2\/media\/7214"}],"wp:attachment":[{"href":"https:\/\/pusuladernegi.org\/index.php?rest_route=%2Fwp%2Fv2%2Fmedia&parent=7208"}],"wp:term":[{"taxonomy":"category","embeddable":true,"href":"https:\/\/pusuladernegi.org\/index.php?rest_route=%2Fwp%2Fv2%2Fcategories&post=7208"},{"taxonomy":"post_tag","embeddable":true,"href":"https:\/\/pusuladernegi.org\/index.php?rest_route=%2Fwp%2Fv2%2Ftags&post=7208"}],"curies":[{"name":"wp","href":"https:\/\/api.w.org\/{rel}","templated":true}]}}